{"id":926,"date":"2010-02-28T09:03:59","date_gmt":"2010-02-28T07:03:59","guid":{"rendered":"http:\/\/www.saegerhof.at\/blog\/?p=3"},"modified":"2014-12-04T11:45:42","modified_gmt":"2014-12-04T11:45:42","slug":"sagerhof-blog","status":"publish","type":"post","link":"https:\/\/www.saegerhof.at\/blog\/sagerhof-blog\/","title":{"rendered":"Sch\u00f6nste Bilder aus den tiroler Bergen"},"content":{"rendered":"<h2><span style=\"text-decoration: underline;\">Naturfilm: Ein Fjord in den Bergen<\/span><\/h2>\n<p>\u00a0\u00a0<\/p>\n<div id=\"attachment_14\" style=\"width: 221px\" class=\"wp-caption alignleft\"><a href=\"http:\/\/saegerhofblog.stage.ncm.at\/wp-content\/uploads\/2009\/09\/Vilsalpsee-Film-Premiere-Plakat.jpg\"><img aria-describedby=\"caption-attachment-14\" loading=\"lazy\" class=\"size-medium wp-image-14\" title=\"Vilsalpsee Film Premiere Plakat\" src=\"http:\/\/saegerhofblog.stage.ncm.at\/wp-content\/uploads\/2009\/09\/Vilsalpsee-Film-Premiere-Plakat-211x300.jpg\" alt=\"tiroler Naturschutzgebiet Vilsalpsee Blickrichtung Aggenstein\" width=\"211\" height=\"300\" srcset=\"https:\/\/www.saegerhof.at\/blog\/wp-content\/uploads\/2009\/09\/Vilsalpsee-Film-Premiere-Plakat-211x300.jpg 211w, https:\/\/www.saegerhof.at\/blog\/wp-content\/uploads\/2009\/09\/Vilsalpsee-Film-Premiere-Plakat.jpg 343w\" sizes=\"(max-width: 211px) 100vw, 211px\" \/><\/a><p id=\"caption-attachment-14\" class=\"wp-caption-text\">Ein Jahr am Vilsalpsee in Tannheim - ein besonderer Naturfilm von Christian Herrmann<\/p><\/div>\n<p>Ein Jahr lang drehte Christian Herrmann mit dem Team des bayrischen Rundfunks im Naturschutzgebiet Vilsalpsee und auf den Bergen um Tannheim.\u00a0<\/p>\n<p>Sch\u00f6nste Sommertage am See und auf der Alm, das R\u00f6hren und der Kampf der Hirsche im Herbst,\u00a0 die Schneewinde im Winter und auch die Lawinen, der Fr\u00fchling, der mit schnellen Schritten kommt und der bl\u00fctenreiche Sommer. Am Tag fliegen die Adler und in der Nacht die Flederm\u00e4use.\u00a0<\/p>\n<p>Goldforellen, Barsche, Krebse, Kr\u00f6ten, Kreuzottern. uvm. Brilliante Bilder in HD Qualit\u00e4t. Wahrlich ein gelungenes Werk, das bei der Premiere im \u00fcberf\u00fcllten Saal Tannheim und bei der Wiederholung der Premiere viel Beifall bekommen hat.\u00a0<\/p>\n<p>Erleben Sie dieses Meisterwerk am Freitag, 27.03.2010 um 19:00 Uhr im Fernsehen des Bayrischen Rundfunks.\u00a0<\/p>\n<p>Seien Sie nicht traurig, wenn Sie zu diesem Termin nicht schauen k\u00f6nnen. Im Sommer werden Sie das Meisterwerk bei uns im <a title=\"Sommer in Tannheim im Wellnesshotel S\u00e4gerhof\" href=\"http:\/\/www.saegerhof.at\/de-urlaub-tannheimer-tal.htm\" target=\"_blank\">**** Hotel S\u00e4gerhof <\/a>\u00a0\u00f6fter auf der Leinwand sehen k\u00f6nnen.\u00a0<\/p>\n<p>Uns interessiert, wie Ihnen der Film gefallen hat.<\/p>\n","protected":false},"excerpt":{"rendered":"<p>Naturfilm: Ein Fjord in den Bergen \u00a0\u00a0 Ein Jahr lang drehte Christian Herrmann mit dem Team des bayrischen Rundfunks im Naturschutzgebiet Vilsalpsee und auf den Bergen um Tannheim.\u00a0 Sch\u00f6nste Sommertage am See und auf der Alm, das R\u00f6hren und der Kampf der Hirsche im Herbst,\u00a0 die Schneewinde im Winter und auch die Lawinen, der Fr\u00fchling, [&hellip;]<\/p>\n","protected":false},"author":2,"featured_media":0,"comment_status":"closed","ping_status":"open","sticky":false,"template":"","format":"standard","meta":[],"categories":[4,8],"tags":[74,185,228,288,455],"_links":{"self":[{"href":"https:\/\/www.saegerhof.at\/blog\/wp-json\/wp\/v2\/posts\/926"}],"collection":[{"href":"https:\/\/www.saegerhof.at\/blog\/wp-json\/wp\/v2\/posts"}],"about":[{"href":"https:\/\/www.saegerhof.at\/blog\/wp-json\/wp\/v2\/types\/post"}],"author":[{"embeddable":true,"href":"https:\/\/www.saegerhof.at\/blog\/wp-json\/wp\/v2\/users\/2"}],"replies":[{"embeddable":true,"href":"https:\/\/www.saegerhof.at\/blog\/wp-json\/wp\/v2\/comments?post=926"}],"version-history":[{"count":1,"href":"https:\/\/www.saegerhof.at\/blog\/wp-json\/wp\/v2\/posts\/926\/revisions"}],"predecessor-version":[{"id":1287,"href":"https:\/\/www.saegerhof.at\/blog\/wp-json\/wp\/v2\/posts\/926\/revisions\/1287"}],"wp:attachment":[{"href":"https:\/\/www.saegerhof.at\/blog\/wp-json\/wp\/v2\/media?parent=926"}],"wp:term":[{"taxonomy":"category","embeddable":true,"href":"https:\/\/www.saegerhof.at\/blog\/wp-json\/wp\/v2\/categories?post=926"},{"taxonomy":"post_tag","embeddable":true,"href":"https:\/\/www.saegerhof.at\/blog\/wp-json\/wp\/v2\/tags?post=926"}],"curies":[{"name":"wp","href":"https:\/\/api.w.org\/{rel}","templated":true}]}}